{"id":1468,"date":"2022-12-12T17:04:46","date_gmt":"2022-12-12T15:04:46","guid":{"rendered":"https:\/\/somosnerja.com\/noticias\/?p=1468"},"modified":"2022-12-21T15:31:40","modified_gmt":"2022-12-21T13:31:40","slug":"la-plaza-de-andalucia-se-transforma-en-belen-viviente","status":"publish","type":"post","link":"https:\/\/somosnerja.com\/noticias\/la-plaza-de-andalucia-se-transforma-en-belen-viviente\/","title":{"rendered":"La Plaza de Andaluc\u00eda se transforma en Bel\u00e9n viviente"},"content":{"rendered":"\n<p>La Plaza de Andaluc\u00eda en Nerja se transformar\u00e1 nuevamente este a\u00f1o en un Bel\u00e9n Viviente. Esta tradici\u00f3n navide\u00f1a, organizada por la Asociaci\u00f3n de Vecinos de Las Protegidas con el apoyo del Ayuntamiento de Nerja, comenzar\u00e1 el 18 de diciembre y podr\u00e1 visitarse entre las 16.00h y las 21.00h. El recorrido comenzar\u00e1 por la calle Mar\u00eda Mu\u00f1oz La Pulga y atravesar\u00e1 la plaza para llegar a una cuidada decoraci\u00f3n que da vida a la ciudad de Bel\u00e9n, con ropajes y personajes representando escenas b\u00edblicas.<\/p>\n\n\n\n<p>El cartel anunciador ha sido dise\u00f1ado por el artista nerje\u00f1o David Navas, quien fue descubierto junto al presidente de la asociaci\u00f3n vecinal Jos\u00e9 Miguel Ortu\u00f1o; adem\u00e1s estuvieron presentes Eva Garc\u00eda (Alcaldesa ped\u00e1nea) y Francisco Javier Velasco (P\u00e1rroco). El acto finaliz\u00f3 con un concierto interpretado por la Coral Alminares dirigida por Jos\u00e9 Eugenio Vicente T\u00e9llez.<\/p>\n\n\n\n<p>Este evento goza desde 2020 del reconocimiento como Fiesta Singularidad Tur\u00edstica Provincial otorgado por Diputaci\u00f3n M\u00e1laga as\u00ed como tambi\u00e9n es declarada Fiesta Especial Inter\u00e9s Tur\u00edstico Local gracias al acuerdo adoptado un\u00e1nimemente en el Pleno del Ayuntamientos Nerja. Por lo tanto, no hay mejor manera para celebrar estas fiestas que visitando La Plaza De Andaluc\u00eda durante los pr\u00f3ximos d\u00edas para disfrutar del encantador ambiente navide\u00f1o que ofrece este bel\u00e9n viviente tan singular e inolvidable<\/p>\n","protected":false},"excerpt":{"rendered":"<p>La Plaza de Andaluc\u00eda en Nerja se transformar\u00e1 nuevamente este a\u00f1o en un Bel\u00e9n Viviente. Esta tradici\u00f3n navide\u00f1a, organizada por la Asociaci\u00f3n de Vecinos de Las Protegidas con el apoyo&hellip;<\/p>\n","protected":false},"author":1,"featured_media":0,"comment_status":"open","ping_status":"open","sticky":false,"template":"","format":"standard","meta":{"footnotes":""},"categories":[1],"tags":[],"class_list":["post-1468","post","type-post","status-publish","format-standard","hentry","category-noticias"],"yoast_head":"<!-- This site is optimized with the Yoast SEO plugin v20.7 - https:\/\/yoast.com\/wordpress\/plugins\/seo\/ -->\n<title>La Plaza de Andaluc\u00eda se transforma en Bel\u00e9n viviente | SomosNerja Noticias<\/title>\n<meta name=\"description\" content=\"La Plaza de Andaluc\u00eda en Nerja se transformar\u00e1 nuevamente este a\u00f1o en un Bel\u00e9n Viviente. Esta tradici\u00f3n navide\u00f1a, organizada por la Asociaci\u00f3n de Vecinos\" \/>\n<meta name=\"robots\" content=\"index, follow, max-snippet:-1, max-image-preview:large, max-video-preview:-1\" \/>\n<link rel=\"canonical\" href=\"https:\/\/somosnerja.com\/noticias\/la-plaza-de-andalucia-se-transforma-en-belen-viviente\/\" \/>\n<meta property=\"og:locale\" content=\"es_ES\" \/>\n<meta property=\"og:type\" content=\"article\" \/>\n<meta property=\"og:title\" content=\"La Plaza de Andaluc\u00eda se transforma en Bel\u00e9n viviente | SomosNerja Noticias\" \/>\n<meta property=\"og:description\" content=\"La Plaza de Andaluc\u00eda en Nerja se transformar\u00e1 nuevamente este a\u00f1o en un Bel\u00e9n Viviente. Esta tradici\u00f3n navide\u00f1a, organizada por la Asociaci\u00f3n de Vecinos\" \/>\n<meta property=\"og:url\" content=\"https:\/\/somosnerja.com\/noticias\/la-plaza-de-andalucia-se-transforma-en-belen-viviente\/\" \/>\n<meta property=\"og:site_name\" content=\"SomosNerja Noticias\" \/>\n<meta property=\"article:published_time\" content=\"2022-12-12T15:04:46+00:00\" \/>\n<meta property=\"article:modified_time\" content=\"2022-12-21T13:31:40+00:00\" \/>\n<meta name=\"author\" content=\"jorge\" \/>\n<meta name=\"twitter:card\" content=\"summary_large_image\" \/>\n<meta name=\"twitter:label1\" content=\"Escrito por\" \/>\n\t<meta name=\"twitter:data1\" content=\"jorge\" \/>\n\t<meta name=\"twitter:label2\" content=\"Tiempo de lectura\" \/>\n\t<meta name=\"twitter:data2\" content=\"2 minutos\" \/>\n<script type=\"application\/ld+json\" class=\"yoast-schema-graph\">{\"@context\":\"https:\/\/schema.org\",\"@graph\":[{\"@type\":\"WebPage\",\"@id\":\"https:\/\/somosnerja.com\/noticias\/la-plaza-de-andalucia-se-transforma-en-belen-viviente\/\",\"url\":\"https:\/\/somosnerja.com\/noticias\/la-plaza-de-andalucia-se-transforma-en-belen-viviente\/\",\"name\":\"La Plaza de Andaluc\u00eda se transforma en Bel\u00e9n viviente | SomosNerja Noticias\",\"isPartOf\":{\"@id\":\"https:\/\/somosnerja.com\/noticias\/#website\"},\"datePublished\":\"2022-12-12T15:04:46+00:00\",\"dateModified\":\"2022-12-21T13:31:40+00:00\",\"author\":{\"@id\":\"https:\/\/somosnerja.com\/noticias\/#\/schema\/person\/101afe4d693f96827a0bc44f34143ebb\"},\"description\":\"La Plaza de Andaluc\u00eda en Nerja se transformar\u00e1 nuevamente este a\u00f1o en un Bel\u00e9n Viviente. Esta tradici\u00f3n navide\u00f1a, organizada por la Asociaci\u00f3n de Vecinos\",\"breadcrumb\":{\"@id\":\"https:\/\/somosnerja.com\/noticias\/la-plaza-de-andalucia-se-transforma-en-belen-viviente\/#breadcrumb\"},\"inLanguage\":\"es\",\"potentialAction\":[{\"@type\":\"ReadAction\",\"target\":[\"https:\/\/somosnerja.com\/noticias\/la-plaza-de-andalucia-se-transforma-en-belen-viviente\/\"]}]},{\"@type\":\"BreadcrumbList\",\"@id\":\"https:\/\/somosnerja.com\/noticias\/la-plaza-de-andalucia-se-transforma-en-belen-viviente\/#breadcrumb\",\"itemListElement\":[{\"@type\":\"ListItem\",\"position\":1,\"name\":\"Portada\",\"item\":\"https:\/\/somosnerja.com\/noticias\/\"},{\"@type\":\"ListItem\",\"position\":2,\"name\":\"La Plaza de Andaluc\u00eda se transforma en Bel\u00e9n viviente\"}]},{\"@type\":\"WebSite\",\"@id\":\"https:\/\/somosnerja.com\/noticias\/#website\",\"url\":\"https:\/\/somosnerja.com\/noticias\/\",\"name\":\"SomosNerja Noticias\",\"description\":\"\",\"potentialAction\":[{\"@type\":\"SearchAction\",\"target\":{\"@type\":\"EntryPoint\",\"urlTemplate\":\"https:\/\/somosnerja.com\/noticias\/?s={search_term_string}\"},\"query-input\":\"required name=search_term_string\"}],\"inLanguage\":\"es\"},{\"@type\":\"Person\",\"@id\":\"https:\/\/somosnerja.com\/noticias\/#\/schema\/person\/101afe4d693f96827a0bc44f34143ebb\",\"name\":\"jorge\",\"image\":{\"@type\":\"ImageObject\",\"inLanguage\":\"es\",\"@id\":\"https:\/\/somosnerja.com\/noticias\/#\/schema\/person\/image\/\",\"url\":\"https:\/\/secure.gravatar.com\/avatar\/3a86e9a59909f2b738c10876259df8597065451d0dfcaad0132c0e638c5a0717?s=96&d=mm&r=g\",\"contentUrl\":\"https:\/\/secure.gravatar.com\/avatar\/3a86e9a59909f2b738c10876259df8597065451d0dfcaad0132c0e638c5a0717?s=96&d=mm&r=g\",\"caption\":\"jorge\"},\"sameAs\":[\"https:\/\/somosnerja.com\/noticias\"],\"url\":\"https:\/\/somosnerja.com\/noticias\/author\/jorge\/\"}]}<\/script>\n<!-- \/ Yoast SEO plugin. -->","yoast_head_json":{"title":"La Plaza de Andaluc\u00eda se transforma en Bel\u00e9n viviente | SomosNerja Noticias","description":"La Plaza de Andaluc\u00eda en Nerja se transformar\u00e1 nuevamente este a\u00f1o en un Bel\u00e9n Viviente. Esta tradici\u00f3n navide\u00f1a, organizada por la Asociaci\u00f3n de Vecinos","robots":{"index":"index","follow":"follow","max-snippet":"max-snippet:-1","max-image-preview":"max-image-preview:large","max-video-preview":"max-video-preview:-1"},"canonical":"https:\/\/somosnerja.com\/noticias\/la-plaza-de-andalucia-se-transforma-en-belen-viviente\/","og_locale":"es_ES","og_type":"article","og_title":"La Plaza de Andaluc\u00eda se transforma en Bel\u00e9n viviente | SomosNerja Noticias","og_description":"La Plaza de Andaluc\u00eda en Nerja se transformar\u00e1 nuevamente este a\u00f1o en un Bel\u00e9n Viviente. Esta tradici\u00f3n navide\u00f1a, organizada por la Asociaci\u00f3n de Vecinos","og_url":"https:\/\/somosnerja.com\/noticias\/la-plaza-de-andalucia-se-transforma-en-belen-viviente\/","og_site_name":"SomosNerja Noticias","article_published_time":"2022-12-12T15:04:46+00:00","article_modified_time":"2022-12-21T13:31:40+00:00","author":"jorge","twitter_card":"summary_large_image","twitter_misc":{"Escrito por":"jorge","Tiempo de lectura":"2 minutos"},"schema":{"@context":"https:\/\/schema.org","@graph":[{"@type":"WebPage","@id":"https:\/\/somosnerja.com\/noticias\/la-plaza-de-andalucia-se-transforma-en-belen-viviente\/","url":"https:\/\/somosnerja.com\/noticias\/la-plaza-de-andalucia-se-transforma-en-belen-viviente\/","name":"La Plaza de Andaluc\u00eda se transforma en Bel\u00e9n viviente | SomosNerja Noticias","isPartOf":{"@id":"https:\/\/somosnerja.com\/noticias\/#website"},"datePublished":"2022-12-12T15:04:46+00:00","dateModified":"2022-12-21T13:31:40+00:00","author":{"@id":"https:\/\/somosnerja.com\/noticias\/#\/schema\/person\/101afe4d693f96827a0bc44f34143ebb"},"description":"La Plaza de Andaluc\u00eda en Nerja se transformar\u00e1 nuevamente este a\u00f1o en un Bel\u00e9n Viviente. Esta tradici\u00f3n navide\u00f1a, organizada por la Asociaci\u00f3n de Vecinos","breadcrumb":{"@id":"https:\/\/somosnerja.com\/noticias\/la-plaza-de-andalucia-se-transforma-en-belen-viviente\/#breadcrumb"},"inLanguage":"es","potentialAction":[{"@type":"ReadAction","target":["https:\/\/somosnerja.com\/noticias\/la-plaza-de-andalucia-se-transforma-en-belen-viviente\/"]}]},{"@type":"BreadcrumbList","@id":"https:\/\/somosnerja.com\/noticias\/la-plaza-de-andalucia-se-transforma-en-belen-viviente\/#breadcrumb","itemListElement":[{"@type":"ListItem","position":1,"name":"Portada","item":"https:\/\/somosnerja.com\/noticias\/"},{"@type":"ListItem","position":2,"name":"La Plaza de Andaluc\u00eda se transforma en Bel\u00e9n viviente"}]},{"@type":"WebSite","@id":"https:\/\/somosnerja.com\/noticias\/#website","url":"https:\/\/somosnerja.com\/noticias\/","name":"SomosNerja Noticias","description":"","potentialAction":[{"@type":"SearchAction","target":{"@type":"EntryPoint","urlTemplate":"https:\/\/somosnerja.com\/noticias\/?s={search_term_string}"},"query-input":"required name=search_term_string"}],"inLanguage":"es"},{"@type":"Person","@id":"https:\/\/somosnerja.com\/noticias\/#\/schema\/person\/101afe4d693f96827a0bc44f34143ebb","name":"jorge","image":{"@type":"ImageObject","inLanguage":"es","@id":"https:\/\/somosnerja.com\/noticias\/#\/schema\/person\/image\/","url":"https:\/\/secure.gravatar.com\/avatar\/3a86e9a59909f2b738c10876259df8597065451d0dfcaad0132c0e638c5a0717?s=96&d=mm&r=g","contentUrl":"https:\/\/secure.gravatar.com\/avatar\/3a86e9a59909f2b738c10876259df8597065451d0dfcaad0132c0e638c5a0717?s=96&d=mm&r=g","caption":"jorge"},"sameAs":["https:\/\/somosnerja.com\/noticias"],"url":"https:\/\/somosnerja.com\/noticias\/author\/jorge\/"}]}},"_links":{"self":[{"href":"https:\/\/somosnerja.com\/noticias\/wp-json\/wp\/v2\/posts\/1468","targetHints":{"allow":["GET"]}}],"collection":[{"href":"https:\/\/somosnerja.com\/noticias\/wp-json\/wp\/v2\/posts"}],"about":[{"href":"https:\/\/somosnerja.com\/noticias\/wp-json\/wp\/v2\/types\/post"}],"author":[{"embeddable":true,"href":"https:\/\/somosnerja.com\/noticias\/wp-json\/wp\/v2\/users\/1"}],"replies":[{"embeddable":true,"href":"https:\/\/somosnerja.com\/noticias\/wp-json\/wp\/v2\/comments?post=1468"}],"version-history":[{"count":1,"href":"https:\/\/somosnerja.com\/noticias\/wp-json\/wp\/v2\/posts\/1468\/revisions"}],"predecessor-version":[{"id":1469,"href":"https:\/\/somosnerja.com\/noticias\/wp-json\/wp\/v2\/posts\/1468\/revisions\/1469"}],"wp:attachment":[{"href":"https:\/\/somosnerja.com\/noticias\/wp-json\/wp\/v2\/media?parent=1468"}],"wp:term":[{"taxonomy":"category","embeddable":true,"href":"https:\/\/somosnerja.com\/noticias\/wp-json\/wp\/v2\/categories?post=1468"},{"taxonomy":"post_tag","embeddable":true,"href":"https:\/\/somosnerja.com\/noticias\/wp-json\/wp\/v2\/tags?post=1468"}],"curies":[{"name":"wp","href":"https:\/\/api.w.org\/{rel}","templated":true}]}}